{"id":1938,"date":"2023-10-19T13:35:23","date_gmt":"2023-10-19T12:35:23","guid":{"rendered":"https:\/\/sbrp.de\/?p=1938"},"modified":"2024-10-03T15:17:26","modified_gmt":"2024-10-03T14:17:26","slug":"oskar-rahn-verstorben","status":"publish","type":"post","link":"https:\/\/sbrp.de\/?p=1938","title":{"rendered":"Oskar Rahn verstorben"},"content":{"rendered":"<p class=\"western\" align=\"justify\">Mit gro\u00dfer Betroffenheit haben wir erfahren, dass unser langj\u00e4hriges, treues Mitglied Oskar Rahn am 11. Oktober 2023 im Alter von 87 Jahren verstorben ist.<\/p>\n<p class=\"western\" align=\"justify\">Im Jahr 1966 hatte sich Oskar Rahn dem Schachklub Frankenthal angeschlossen und ist bis zuletzt Mitglied im Schachklub Frankenthal geblieben. Er hatte einen ma\u00dfgeblichen Anteil an der kommenden gro\u00dfen \u00c4ra des Schachklubs. So war er Teil der Mannschaft im Jahr 1967, die in einem Stichkampf gegen Pirmasens den Aufstieg in die Saar-Pfalz-Oberliga schaffte, gefolgt in den 70er Jahren mit dem Aufstieg in die viergeteilte Bundesliga. Auch als Einzelspieler hat er gro\u00dfe Erfolge aufzuweisen. So wurde in den Jahren 1960, 1968 und 1970 Pfalzmeister. 1973 wurde er zusammen mit Hans Kelchner pf\u00e4lzischer Pokalsieger, Selbstredend nat\u00fcrlich auch seine Erfolge im Verein: Er gewann in den Jahren 1967, 1978, 1979, 1980, 1985 und 1987 die Klubmeisterschaft und 1966 die Stadtmeisterschaft in Frankenthal. Auch als Senior stellte er seine Spielst\u00e4rke eindrucksvoll unter Beweis, so wurde er in den Jahren 2003, 2004, 2005 und 2006 pf\u00e4lzischer Seniorenmeister. Als Senior hat er die Zeit genutzt und h\u00e4ufig Turniere besucht, so war er lange regelm\u00e4\u00dfig Gast beim Turnier in Bad W\u00f6rishofen.<\/p>\n<p class=\"western\" align=\"justify\">Mit Oskar Rahn haben wir nicht nur einen starken Spieler verloren sondern auch einen sehr wertvollen Menschen, der durch seine ruhige, nette und hilfsbereite Art bei allen beliebt war.<\/p>\n<p class=\"western\" align=\"justify\">Wir werden ihn immer in ehrender Erinnerung behalten.<\/p>\n<p align=\"justify\">Bernd K\u00fchn<\/p>\n<p align=\"justify\">1.Vorsitzender Schachklub Frankenthal<\/p>\n<p align=\"justify\">Titelbild:<\/p>\n<p class=\"western\">Oskar Rahn (rechts) 1967 beim Aufstiegskampf in die neu gegr\u00fcndete Saar-Pfalz-Oberliga.<\/p>\n","protected":false},"excerpt":{"rendered":"<p>Mit gro\u00dfer Betroffenheit haben wir erfahren, dass unser langj\u00e4hriges, treues Mitglied Oskar Rahn am 11. Oktober 2023 im Alter von 87 Jahren verstorben ist. (Mehr durch Klick auf Beitragstitel&#8230;)<\/p>\n","protected":false},"author":1,"featured_media":1939,"comment_status":"closed","ping_status":"closed","sticky":false,"template":"","format":"standard","meta":{"colormag_page_container_layout":"no_sidebar_full_width","colormag_page_sidebar_layout":"no_sidebar","footnotes":""},"categories":[21,19],"tags":[],"class_list":["post-1938","post","type-post","status-publish","format-standard","has-post-thumbnail","hentry","category-allgemein","category-nachruf"],"_links":{"self":[{"href":"https:\/\/sbrp.de\/index.php?rest_route=\/wp\/v2\/posts\/1938","targetHints":{"allow":["GET"]}}],"collection":[{"href":"https:\/\/sbrp.de\/index.php?rest_route=\/wp\/v2\/posts"}],"about":[{"href":"https:\/\/sbrp.de\/index.php?rest_route=\/wp\/v2\/types\/post"}],"author":[{"embeddable":true,"href":"https:\/\/sbrp.de\/index.php?rest_route=\/wp\/v2\/users\/1"}],"replies":[{"embeddable":true,"href":"https:\/\/sbrp.de\/index.php?rest_route=%2Fwp%2Fv2%2Fcomments&post=1938"}],"version-history":[{"count":3,"href":"https:\/\/sbrp.de\/index.php?rest_route=\/wp\/v2\/posts\/1938\/revisions"}],"predecessor-version":[{"id":1942,"href":"https:\/\/sbrp.de\/index.php?rest_route=\/wp\/v2\/posts\/1938\/revisions\/1942"}],"wp:featuredmedia":[{"embeddable":true,"href":"https:\/\/sbrp.de\/index.php?rest_route=\/wp\/v2\/media\/1939"}],"wp:attachment":[{"href":"https:\/\/sbrp.de\/index.php?rest_route=%2Fwp%2Fv2%2Fmedia&parent=1938"}],"wp:term":[{"taxonomy":"category","embeddable":true,"href":"https:\/\/sbrp.de\/index.php?rest_route=%2Fwp%2Fv2%2Fcategories&post=1938"},{"taxonomy":"post_tag","embeddable":true,"href":"https:\/\/sbrp.de\/index.php?rest_route=%2Fwp%2Fv2%2Ftags&post=1938"}],"curies":[{"name":"wp","href":"https:\/\/api.w.org\/{rel}","templated":true}]}}